{"id":2268,"date":"2014-09-01T15:12:28","date_gmt":"2014-09-01T15:12:28","guid":{"rendered":"http:\/\/gallerabernal.es\/?p=2268"},"modified":"2016-08-06T15:59:13","modified_gmt":"2016-08-06T15:59:13","slug":"tintilla-es-arte","status":"publish","type":"post","link":"https:\/\/gallerabernal.es\/?p=2268","title":{"rendered":"TINTILLA ES ARTE | Andaluc\u00eda Informaci\u00f3n"},"content":{"rendered":"<h1 style=\"text-align: center;\">La Tintilla, desde el punto de vista de los artistas<\/h1>\n<p style=\"text-align: justify;\">El vino m\u00e1s aut\u00f3ctono de la zona, la Tintilla de Rota, ha servido de inspiraci\u00f3n a un colectivo de algo m\u00e1s de una veintena de artistas que el pasado fin de semana inauguraron una exposici\u00f3n sobre este caldo rote\u00f1o que desde el siglo XIX consigui\u00f3 traspasar fronteras.<\/p>\n<p style=\"text-align: justify;\">La Tintilla desde el punto de\u00a0 vista de pintores, escultores, fot\u00f3grafos y en general personas vinculadas al mundo de las artes pl\u00e1sticas, se puede observar en esta muestra que estar\u00e1 abierta hasta el pr\u00f3ximo domingo 31 de agosto en la sala de exposiciones del Mercado Central de Abastos. Una actividad m\u00e1s de las que est\u00e1n enmarcadas en las VI Jornadas de la Tintilla de Rota que se celebrar\u00e1n durante toda esta semana con conferencias, catas y charlas.<\/p>\n<p style=\"text-align: center;\"><a href=\"http:\/\/gallerabernal.es\/wp-content\/uploads\/2014\/09\/1453299_1466192583635735_6028591505874630593_n.jpg\"><img loading=\"lazy\" decoding=\"async\" class=\"alignnone size-medium wp-image-2277\" src=\"http:\/\/gallerabernal.es\/wp-content\/uploads\/2014\/09\/1453299_1466192583635735_6028591505874630593_n-300x200.jpg\" alt=\"1453299_1466192583635735_6028591505874630593_n\" width=\"300\" height=\"200\" srcset=\"https:\/\/gallerabernal.es\/wp-content\/uploads\/2014\/09\/1453299_1466192583635735_6028591505874630593_n-300x200.jpg 300w, https:\/\/gallerabernal.es\/wp-content\/uploads\/2014\/09\/1453299_1466192583635735_6028591505874630593_n.jpg 333w\" sizes=\"auto, (max-width: 300px) 100vw, 300px\" \/><\/a><a href=\"http:\/\/gallerabernal.es\/wp-content\/uploads\/2014\/09\/10534259_1466192606969066_8841518163310476257_n.jpg\"> <img loading=\"lazy\" decoding=\"async\" class=\"alignnone size-medium wp-image-2279\" src=\"http:\/\/gallerabernal.es\/wp-content\/uploads\/2014\/09\/10534259_1466192606969066_8841518163310476257_n-300x200.jpg\" alt=\"10534259_1466192606969066_8841518163310476257_n\" width=\"300\" height=\"200\" srcset=\"https:\/\/gallerabernal.es\/wp-content\/uploads\/2014\/09\/10534259_1466192606969066_8841518163310476257_n-300x200.jpg 300w, https:\/\/gallerabernal.es\/wp-content\/uploads\/2014\/09\/10534259_1466192606969066_8841518163310476257_n.jpg 333w\" sizes=\"auto, (max-width: 300px) 100vw, 300px\" \/><\/a><br \/>\n<a href=\"http:\/\/gallerabernal.es\/wp-content\/uploads\/2014\/09\/4.jpg\"><img loading=\"lazy\" decoding=\"async\" class=\"alignnone size-medium wp-image-2275\" src=\"http:\/\/gallerabernal.es\/wp-content\/uploads\/2014\/09\/4-300x200.jpg\" alt=\"4\" width=\"300\" height=\"200\" srcset=\"https:\/\/gallerabernal.es\/wp-content\/uploads\/2014\/09\/4-300x200.jpg 300w, https:\/\/gallerabernal.es\/wp-content\/uploads\/2014\/09\/4.jpg 333w\" sizes=\"auto, (max-width: 300px) 100vw, 300px\" \/><\/a> <a href=\"http:\/\/gallerabernal.es\/wp-content\/uploads\/2014\/09\/10649976_1466192596969067_810702764876006621_n.jpg\"><img loading=\"lazy\" decoding=\"async\" class=\"alignnone size-medium wp-image-2273\" src=\"http:\/\/gallerabernal.es\/wp-content\/uploads\/2014\/09\/10649976_1466192596969067_810702764876006621_n-300x200.jpg\" alt=\"10649976_1466192596969067_810702764876006621_n\" width=\"300\" height=\"200\" srcset=\"https:\/\/gallerabernal.es\/wp-content\/uploads\/2014\/09\/10649976_1466192596969067_810702764876006621_n-300x200.jpg 300w, https:\/\/gallerabernal.es\/wp-content\/uploads\/2014\/09\/10649976_1466192596969067_810702764876006621_n.jpg 333w\" sizes=\"auto, (max-width: 300px) 100vw, 300px\" \/><\/a><\/p>\n<address style=\"text-align: center;\">4 de 6 im\u00e1genes de la serie \u00abK<span class=\"st\"><em>hl\u00f3\u0113<\/em><\/span>\u00bb |\u00a0El nombre proviene del griego \u03c7\u03bb\u03cc\u03b7\u00a0 y es uno de los muchos nombres de la diosa griega Dem\u00e9ter que <span class=\"st\">significa \u00ab<em>brote<\/em> verde en una planta o flor\u00bb y que se entiende como \u00ab<em>floreciendo<\/em>\u00bb\u00a0 | realizada para \u00abTintilla de Rota es Arte\u00bb por Gallera Bernal<br \/>\n<\/span><\/address>\n<p style=\"text-align: justify;\"><strong>Que la <em>\u00abTintilla de Rota es arte\u00bb<\/em>, tal y como reza el t\u00edtulo de esta exposici\u00f3n, es algo que han demostrado los 21 artistas que han participado en una iniciativa que tiene como fin seguir promocionando este vino rote\u00f1o. Las vides, copas de Tintilla y lo que rodea y suscita la elaboraci\u00f3n de este vino, se puede ver plasmado en grabados, esculturas, pinturas, fotograf\u00edas, montajes art\u00edsticos, etc., que han inspirado a artistas de la talla de <span style=\"color: #808080;\"><em>Tosar Granados, Pepe Basto, \u00c1ngel de la Custodia, Roman Lokati, Miguel \u00c1ngel Caballero P\u00e9rez o Gallera Bernal, <\/em><span style=\"color: #000000;\">adem\u00e1s de<\/span><em> Javier Navas, Merchi Vigo, Mamen de \u00abP\u00e1gina 0\u00bb, Julio Malvido, Hans, Jos\u00e9 Antonio Rodr\u00edguez \u00abPeque\u00bb,\u00a0 Leopoldo Almisas, El Torito-Curtido, Rafael Verano Tora\u00f1o, Silvia Vidal, Caballero, Juan A. Quir\u00f3s, Antonio Letr\u00e1n, Prudente Arjona y Bruno El Crepier<\/em><\/span>. Entre todos presentan al agricultor que cultiva la vid, los racimos de uva tintilla, las botas de vino donde se conserva, la luz en las tierras que acogen este cultivo, poses er\u00f3ticas con la Tintilla sobre el cuerpo de una mujer, los ya famosos viajeros de Lokati convertidos en agricultores, entre otras muchas propuestas que aportan un punto de vista diferente sobre este famoso vino.<\/strong><\/p>\n<p style=\"text-align: center;\"><a href=\"http:\/\/gallerabernal.es\/wp-content\/uploads\/2014\/09\/CARTEL-FACEBOOK-1.png\"><img loading=\"lazy\" decoding=\"async\" class=\"alignnone size-thumbnail wp-image-2270\" src=\"http:\/\/gallerabernal.es\/wp-content\/uploads\/2014\/09\/CARTEL-FACEBOOK-1-310x150.png\" alt=\"CARTEL-FACEBOOK (1)\" width=\"310\" height=\"150\" \/><\/a><a href=\"http:\/\/gallerabernal.es\/wp-content\/uploads\/2014\/09\/10649733_10204080873318135_1471956547372606199_n.jpg\">\u00a0<\/a><a href=\"http:\/\/gallerabernal.es\/wp-content\/uploads\/2014\/09\/Andalucia-Informacion-tintilla-es-arte.jpg\"><img loading=\"lazy\" decoding=\"async\" class=\"alignnone size-thumbnail wp-image-2301\" src=\"http:\/\/gallerabernal.es\/wp-content\/uploads\/2014\/09\/Andalucia-Informacion-tintilla-es-arte-310x150.jpg\" alt=\"Andalucia Informacion tintilla es arte\" width=\"310\" height=\"150\" \/><\/a><a href=\"http:\/\/gallerabernal.es\/wp-content\/uploads\/2014\/09\/10649733_10204080873318135_1471956547372606199_n.jpg\"> <img loading=\"lazy\" decoding=\"async\" class=\"alignnone size-thumbnail wp-image-2272\" src=\"http:\/\/gallerabernal.es\/wp-content\/uploads\/2014\/09\/10649733_10204080873318135_1471956547372606199_n-310x150.jpg\" alt=\"10649733_10204080873318135_1471956547372606199_n\" width=\"310\" height=\"150\" \/><\/a> <a href=\"http:\/\/gallerabernal.es\/wp-content\/uploads\/2014\/09\/10403032_10204080873078129_465090009429278138_n.jpg\"><img loading=\"lazy\" decoding=\"async\" class=\"alignnone size-thumbnail wp-image-2278\" src=\"http:\/\/gallerabernal.es\/wp-content\/uploads\/2014\/09\/10403032_10204080873078129_465090009429278138_n-310x150.jpg\" alt=\"10403032_10204080873078129_465090009429278138_n\" width=\"310\" height=\"150\" \/><\/a> <a href=\"http:\/\/gallerabernal.es\/wp-content\/uploads\/2014\/09\/10628042_10204080873038128_6465599156587821708_n.jpg\"><img loading=\"lazy\" decoding=\"async\" class=\"alignnone size-thumbnail wp-image-2281\" src=\"http:\/\/gallerabernal.es\/wp-content\/uploads\/2014\/09\/10628042_10204080873038128_6465599156587821708_n-310x150.jpg\" alt=\"10628042_10204080873038128_6465599156587821708_n\" width=\"310\" height=\"150\" \/><\/a> <a href=\"http:\/\/gallerabernal.es\/wp-content\/uploads\/2014\/09\/10628384_10204080873758146_326760837155728165_n.jpg\"><img loading=\"lazy\" decoding=\"async\" class=\"alignnone size-thumbnail wp-image-2282\" src=\"http:\/\/gallerabernal.es\/wp-content\/uploads\/2014\/09\/10628384_10204080873758146_326760837155728165_n-310x150.jpg\" alt=\"10628384_10204080873758146_326760837155728165_n\" width=\"310\" height=\"150\" \/><\/a>\u00a0<a href=\"http:\/\/gallerabernal.es\/wp-content\/uploads\/2014\/09\/10603527_10204080874038153_4895330385590749160_n.jpg\"><img loading=\"lazy\" decoding=\"async\" class=\"alignnone size-thumbnail wp-image-2280\" src=\"http:\/\/gallerabernal.es\/wp-content\/uploads\/2014\/09\/10603527_10204080874038153_4895330385590749160_n-310x150.jpg\" alt=\"10603527_10204080874038153_4895330385590749160_n\" width=\"310\" height=\"150\" \/><\/a>\u00a0 <a href=\"http:\/\/gallerabernal.es\/wp-content\/uploads\/2014\/09\/ROTA-AL-DIA-TINTILLA-ES-ARTE.jpg\"><img loading=\"lazy\" decoding=\"async\" class=\"alignnone size-thumbnail wp-image-2269\" src=\"http:\/\/gallerabernal.es\/wp-content\/uploads\/2014\/09\/ROTA-AL-DIA-TINTILLA-ES-ARTE-310x150.jpg\" alt=\"ROTA AL DIA TINTILLA ES ARTE\" width=\"310\" height=\"150\" \/><\/a><a href=\"http:\/\/gallerabernal.es\/wp-content\/uploads\/2014\/09\/10582850_10204447331521875_2067938359005050846_o.jpg\"><img loading=\"lazy\" decoding=\"async\" class=\"alignnone size-thumbnail wp-image-2271\" src=\"http:\/\/gallerabernal.es\/wp-content\/uploads\/2014\/09\/10582850_10204447331521875_2067938359005050846_o-310x150.jpg\" alt=\"10582850_10204447331521875_2067938359005050846_o\" width=\"310\" height=\"150\" \/><\/a><\/p>\n<p style=\"text-align: justify;\">La inauguraci\u00f3n del pasado s\u00e1bado tuvo una buena acogida con numerosos ciudadanos que se acercaron a esta exposici\u00f3n que organiza<strong> Bodega \u00abEl Gato\u00bb<\/strong>, Jos\u00e9 Antonio Rodr\u00edguez con la colaboraci\u00f3n del Ayuntamiento de Rota, y que espera la visita de todos aquellos ciudadanos interesados en disfrutar de los aires de Tintilla tranformados en arte.<\/p>\n<p style=\"text-align: center;\"><a href=\"http:\/\/gallerabernal.es\/wp-content\/uploads\/2014\/09\/articulos-261077.jpg\"><img loading=\"lazy\" decoding=\"async\" class=\"alignnone size-medium wp-image-2333\" src=\"http:\/\/gallerabernal.es\/wp-content\/uploads\/2014\/09\/articulos-261077-300x225.jpg\" alt=\"articulos-261077\" width=\"300\" height=\"225\" srcset=\"https:\/\/gallerabernal.es\/wp-content\/uploads\/2014\/09\/articulos-261077-300x225.jpg 300w, https:\/\/gallerabernal.es\/wp-content\/uploads\/2014\/09\/articulos-261077-1024x768.jpg 1024w, https:\/\/gallerabernal.es\/wp-content\/uploads\/2014\/09\/articulos-261077-950x712.jpg 950w, https:\/\/gallerabernal.es\/wp-content\/uploads\/2014\/09\/articulos-261077.jpg 1400w\" sizes=\"auto, (max-width: 300px) 100vw, 300px\" \/><\/a>\u00a0<a href=\"http:\/\/gallerabernal.es\/wp-content\/uploads\/2014\/09\/articulos-261086.jpg\"><img loading=\"lazy\" decoding=\"async\" class=\"alignnone size-medium wp-image-2335\" src=\"http:\/\/gallerabernal.es\/wp-content\/uploads\/2014\/09\/articulos-261086-300x225.jpg\" alt=\"articulos-261086\" width=\"300\" height=\"225\" srcset=\"https:\/\/gallerabernal.es\/wp-content\/uploads\/2014\/09\/articulos-261086-300x225.jpg 300w, https:\/\/gallerabernal.es\/wp-content\/uploads\/2014\/09\/articulos-261086-1024x768.jpg 1024w, https:\/\/gallerabernal.es\/wp-content\/uploads\/2014\/09\/articulos-261086-950x712.jpg 950w, https:\/\/gallerabernal.es\/wp-content\/uploads\/2014\/09\/articulos-261086.jpg 1400w\" sizes=\"auto, (max-width: 300px) 100vw, 300px\" \/><\/a> <a href=\"http:\/\/gallerabernal.es\/wp-content\/uploads\/2014\/09\/articulos-261087.jpg\"><img loading=\"lazy\" decoding=\"async\" class=\"alignnone size-medium wp-image-2330\" src=\"http:\/\/gallerabernal.es\/wp-content\/uploads\/2014\/09\/articulos-261087-300x225.jpg\" alt=\"articulos-261087\" width=\"300\" height=\"225\" srcset=\"https:\/\/gallerabernal.es\/wp-content\/uploads\/2014\/09\/articulos-261087-300x225.jpg 300w, https:\/\/gallerabernal.es\/wp-content\/uploads\/2014\/09\/articulos-261087-1024x768.jpg 1024w, https:\/\/gallerabernal.es\/wp-content\/uploads\/2014\/09\/articulos-261087-950x712.jpg 950w, https:\/\/gallerabernal.es\/wp-content\/uploads\/2014\/09\/articulos-261087.jpg 1400w\" sizes=\"auto, (max-width: 300px) 100vw, 300px\" \/><\/a> <a href=\"http:\/\/gallerabernal.es\/wp-content\/uploads\/2014\/09\/articulos-261081-305x229.jpg\"><img loading=\"lazy\" decoding=\"async\" class=\"alignnone size-medium wp-image-2331\" src=\"http:\/\/gallerabernal.es\/wp-content\/uploads\/2014\/09\/articulos-261081-305x229-300x225.jpg\" alt=\"articulos-261081-305x229\" width=\"300\" height=\"225\" srcset=\"https:\/\/gallerabernal.es\/wp-content\/uploads\/2014\/09\/articulos-261081-305x229-300x225.jpg 300w, https:\/\/gallerabernal.es\/wp-content\/uploads\/2014\/09\/articulos-261081-305x229-1024x768.jpg 1024w, https:\/\/gallerabernal.es\/wp-content\/uploads\/2014\/09\/articulos-261081-305x229-950x712.jpg 950w, https:\/\/gallerabernal.es\/wp-content\/uploads\/2014\/09\/articulos-261081-305x229.jpg 1400w\" sizes=\"auto, (max-width: 300px) 100vw, 300px\" \/><\/a> <a href=\"http:\/\/gallerabernal.es\/wp-content\/uploads\/2014\/09\/articulos-261079.jpg\"><img loading=\"lazy\" decoding=\"async\" class=\"alignnone size-medium wp-image-2332\" src=\"http:\/\/gallerabernal.es\/wp-content\/uploads\/2014\/09\/articulos-261079-300x225.jpg\" alt=\"articulos-261079\" width=\"300\" height=\"225\" srcset=\"https:\/\/gallerabernal.es\/wp-content\/uploads\/2014\/09\/articulos-261079-300x225.jpg 300w, https:\/\/gallerabernal.es\/wp-content\/uploads\/2014\/09\/articulos-261079-1024x768.jpg 1024w, https:\/\/gallerabernal.es\/wp-content\/uploads\/2014\/09\/articulos-261079-950x712.jpg 950w, https:\/\/gallerabernal.es\/wp-content\/uploads\/2014\/09\/articulos-261079.jpg 1400w\" sizes=\"auto, (max-width: 300px) 100vw, 300px\" \/><\/a> <a href=\"http:\/\/gallerabernal.es\/wp-content\/uploads\/2014\/09\/articulos-261078.jpg\"> <img loading=\"lazy\" decoding=\"async\" class=\"alignnone size-medium wp-image-2328\" src=\"http:\/\/gallerabernal.es\/wp-content\/uploads\/2014\/09\/articulos-261078-300x225.jpg\" alt=\"articulos-261078\" width=\"300\" height=\"225\" srcset=\"https:\/\/gallerabernal.es\/wp-content\/uploads\/2014\/09\/articulos-261078-300x225.jpg 300w, https:\/\/gallerabernal.es\/wp-content\/uploads\/2014\/09\/articulos-261078-1024x768.jpg 1024w, https:\/\/gallerabernal.es\/wp-content\/uploads\/2014\/09\/articulos-261078-950x712.jpg 950w, https:\/\/gallerabernal.es\/wp-content\/uploads\/2014\/09\/articulos-261078.jpg 1400w\" sizes=\"auto, (max-width: 300px) 100vw, 300px\" \/><\/a><\/p>\n<address>http:\/\/andaluciainformacion.es\/andalucia\/431127\/la-tintilla-protagonista-absoluta-de-la-prxima-semana-en-la-localidad\/<\/address>\n<address>\u00a0<\/address>\n<address>Andaluc\u00eda Informaci\u00f3n<\/address>\n","protected":false},"excerpt":{"rendered":"<p>La Tintilla, desde el punto de vista de los artistas El vino m\u00e1s aut\u00f3ctono de la zona, la Tintilla de Rota, ha servido de inspiraci\u00f3n a un colectivo de algo m\u00e1s de una veintena de artistas que el pasado fin de semana inauguraron una exposici\u00f3n sobre este caldo rote\u00f1o que desde el siglo XIX consigui\u00f3 [&hellip;]<\/p>\n","protected":false},"author":1,"featured_media":2273,"comment_status":"open","ping_status":"open","sticky":true,"template":"","format":"standard","meta":{"footnotes":""},"categories":[30,1],"tags":[],"class_list":["post-2268","post","type-post","status-publish","format-standard","has-post-thumbnail","hentry","category-publicidad","category-sin-categoria"],"_links":{"self":[{"href":"https:\/\/gallerabernal.es\/index.php?rest_route=\/wp\/v2\/posts\/2268","targetHints":{"allow":["GET"]}}],"collection":[{"href":"https:\/\/gallerabernal.es\/index.php?rest_route=\/wp\/v2\/posts"}],"about":[{"href":"https:\/\/gallerabernal.es\/index.php?rest_route=\/wp\/v2\/types\/post"}],"author":[{"embeddable":true,"href":"https:\/\/gallerabernal.es\/index.php?rest_route=\/wp\/v2\/users\/1"}],"replies":[{"embeddable":true,"href":"https:\/\/gallerabernal.es\/index.php?rest_route=%2Fwp%2Fv2%2Fcomments&post=2268"}],"version-history":[{"count":19,"href":"https:\/\/gallerabernal.es\/index.php?rest_route=\/wp\/v2\/posts\/2268\/revisions"}],"predecessor-version":[{"id":2294,"href":"https:\/\/gallerabernal.es\/index.php?rest_route=\/wp\/v2\/posts\/2268\/revisions\/2294"}],"wp:featuredmedia":[{"embeddable":true,"href":"https:\/\/gallerabernal.es\/index.php?rest_route=\/wp\/v2\/media\/2273"}],"wp:attachment":[{"href":"https:\/\/gallerabernal.es\/index.php?rest_route=%2Fwp%2Fv2%2Fmedia&parent=2268"}],"wp:term":[{"taxonomy":"category","embeddable":true,"href":"https:\/\/gallerabernal.es\/index.php?rest_route=%2Fwp%2Fv2%2Fcategories&post=2268"},{"taxonomy":"post_tag","embeddable":true,"href":"https:\/\/gallerabernal.es\/index.php?rest_route=%2Fwp%2Fv2%2Ftags&post=2268"}],"curies":[{"name":"wp","href":"https:\/\/api.w.org\/{rel}","templated":true}]}}