{"id":298,"date":"2013-12-26T23:11:54","date_gmt":"2013-12-26T23:11:54","guid":{"rendered":"http:\/\/gallerabernal.es\/?p=298"},"modified":"2016-08-06T16:02:00","modified_gmt":"2016-08-06T16:02:00","slug":"grafia","status":"publish","type":"post","link":"https:\/\/gallerabernal.es\/?p=298","title":{"rendered":"Graf\u00eda 2002"},"content":{"rendered":"<p style=\"text-align: center;\"><span style=\"color: #ff0000;\"><strong>Graf\u00eda habla de los primeros pasos del aprendizaje<\/strong><\/span><\/p>\n<p style=\"text-align: center;\"><a href=\"http:\/\/gallerabernal.es\/wp-content\/uploads\/2013\/12\/escanear-10.jpg\"><img loading=\"lazy\" decoding=\"async\" class=\"alignnone size-full wp-image-325\" src=\"http:\/\/gallerabernal.es\/wp-content\/uploads\/2013\/12\/escanear-10.jpg\" alt=\"escanear 10\" width=\"1013\" height=\"943\" srcset=\"https:\/\/gallerabernal.es\/wp-content\/uploads\/2013\/12\/escanear-10.jpg 1013w, https:\/\/gallerabernal.es\/wp-content\/uploads\/2013\/12\/escanear-10-300x279.jpg 300w, https:\/\/gallerabernal.es\/wp-content\/uploads\/2013\/12\/escanear-10-950x884.jpg 950w\" sizes=\"auto, (max-width: 1013px) 100vw, 1013px\" \/><\/a><\/p>\n<p style=\"text-align: center;\"><strong>De un sistema de signos que hacen posible la comunicaci\u00f3n, los sonidos, las palabras, la imagenes y los gestos.<\/strong><\/p>\n<p style=\"text-align: center;\"><strong>Va acompa\u00f1ada de fotos de alumnos de preescolar y de elementos del lenguaje visual: puntos\/l\u00edneas\/c\u00edrculos\/conjuntos\/&#8230;<\/strong><\/p>\n<p style=\"text-align: center;\"><a href=\"http:\/\/gallerabernal.es\/wp-content\/uploads\/2013\/12\/escanear-11.jpg\"><img loading=\"lazy\" decoding=\"async\" class=\"alignnone size-full wp-image-326\" src=\"http:\/\/gallerabernal.es\/wp-content\/uploads\/2013\/12\/escanear-11.jpg\" alt=\"escanear 11\" width=\"1013\" height=\"1014\" srcset=\"https:\/\/gallerabernal.es\/wp-content\/uploads\/2013\/12\/escanear-11.jpg 1013w, https:\/\/gallerabernal.es\/wp-content\/uploads\/2013\/12\/escanear-11-300x300.jpg 300w, https:\/\/gallerabernal.es\/wp-content\/uploads\/2013\/12\/escanear-11-950x950.jpg 950w\" sizes=\"auto, (max-width: 1013px) 100vw, 1013px\" \/><\/a><\/p>\n<ul>\n<li><em><strong>La obra \u00abGraf\u00eda\u00bb fue seleccionada para formar parte de la Exposici\u00f3n del VIII\u00a0 Premio Nacional de Artes Pl\u00e1sticas \u00abUniversidad de Sevilla\u00bb, 2002.<br \/>\n<\/strong><\/em><\/li>\n<li><em><strong>La obra \u00abGraf\u00eda: Punto, L\u00edneas y Cuadrados\u00bb fue seleccionada para formar parte de la Exposici\u00f3n del Certamen de Arte Gr\u00e1fico para J\u00f3venes Creadores en Calcograf\u00eda Nacional, Madrid, 2002.<\/strong><\/em><\/li>\n<li><em><strong> <em><strong><em><strong>La obra \u00abGraf\u00eda: Punto, L\u00edneas y Cuadrados\u00bb fue<\/strong><\/em> seleccionada para formar parte de la Exposici\u00f3n del IX\u00a0 Premio Nacional de Artes Pl\u00e1sticas \u00abUniversidad de Sevilla\u00bb, 2003.<\/strong><\/em><\/strong><\/em><\/li>\n<\/ul>\n<p style=\"text-align: center;\"><a href=\"http:\/\/gallerabernal.es\/wp-content\/uploads\/2013\/12\/escanear-15.jpg\"><img loading=\"lazy\" decoding=\"async\" class=\"alignnone size-full wp-image-329\" src=\"http:\/\/gallerabernal.es\/wp-content\/uploads\/2013\/12\/escanear-15.jpg\" alt=\"escanear 15\" width=\"1013\" height=\"719\" srcset=\"https:\/\/gallerabernal.es\/wp-content\/uploads\/2013\/12\/escanear-15.jpg 1013w, https:\/\/gallerabernal.es\/wp-content\/uploads\/2013\/12\/escanear-15-300x212.jpg 300w, https:\/\/gallerabernal.es\/wp-content\/uploads\/2013\/12\/escanear-15-950x674.jpg 950w\" sizes=\"auto, (max-width: 1013px) 100vw, 1013px\" \/><\/a><\/p>\n<ul>\n<li>Punta seca sobre metacrilato y collage: 37,5 x 37,5 cm.<\/li>\n<li>Punta seca sobre metacrilato, collage y grapado manual: 37,5 x 54 cm.<\/li>\n<\/ul>\n<p style=\"text-align: center;\"><a href=\"http:\/\/creativecommons.org\/licenses\/by-nc-nd\/4.0\/deed.es_ES\" rel=\"license\"><img decoding=\"async\" src=\"http:\/\/i.creativecommons.org\/l\/by-nc-nd\/4.0\/88x31.png\" alt=\"Licencia de Creative Commons\" \/><\/a><br \/>\nEste obra est\u00e1 bajo una <a href=\"http:\/\/creativecommons.org\/licenses\/by-nc-nd\/4.0\/deed.es_ES\" rel=\"license\">licencia de Creative Commons Reconocimiento-NoComercial-SinObraDerivada 4.0 Internacional<\/a>.<\/p>\n","protected":false},"excerpt":{"rendered":"<p>Graf\u00eda habla de los primeros pasos del aprendizaje De un sistema de signos que hacen posible la comunicaci\u00f3n, los sonidos, las palabras, la imagenes y los gestos. Va acompa\u00f1ada de fotos de alumnos de preescolar y de elementos del lenguaje visual: puntos\/l\u00edneas\/c\u00edrculos\/conjuntos\/&#8230; La obra \u00abGraf\u00eda\u00bb fue seleccionada para formar parte de la Exposici\u00f3n del VIII\u00a0 [&hellip;]<\/p>\n","protected":false},"author":1,"featured_media":416,"comment_status":"closed","ping_status":"closed","sticky":true,"template":"","format":"standard","meta":{"footnotes":""},"categories":[47,1],"tags":[],"class_list":["post-298","post","type-post","status-publish","format-standard","has-post-thumbnail","hentry","category-catalogo","category-sin-categoria"],"_links":{"self":[{"href":"https:\/\/gallerabernal.es\/index.php?rest_route=\/wp\/v2\/posts\/298","targetHints":{"allow":["GET"]}}],"collection":[{"href":"https:\/\/gallerabernal.es\/index.php?rest_route=\/wp\/v2\/posts"}],"about":[{"href":"https:\/\/gallerabernal.es\/index.php?rest_route=\/wp\/v2\/types\/post"}],"author":[{"embeddable":true,"href":"https:\/\/gallerabernal.es\/index.php?rest_route=\/wp\/v2\/users\/1"}],"replies":[{"embeddable":true,"href":"https:\/\/gallerabernal.es\/index.php?rest_route=%2Fwp%2Fv2%2Fcomments&post=298"}],"version-history":[{"count":12,"href":"https:\/\/gallerabernal.es\/index.php?rest_route=\/wp\/v2\/posts\/298\/revisions"}],"predecessor-version":[{"id":3244,"href":"https:\/\/gallerabernal.es\/index.php?rest_route=\/wp\/v2\/posts\/298\/revisions\/3244"}],"wp:featuredmedia":[{"embeddable":true,"href":"https:\/\/gallerabernal.es\/index.php?rest_route=\/wp\/v2\/media\/416"}],"wp:attachment":[{"href":"https:\/\/gallerabernal.es\/index.php?rest_route=%2Fwp%2Fv2%2Fmedia&parent=298"}],"wp:term":[{"taxonomy":"category","embeddable":true,"href":"https:\/\/gallerabernal.es\/index.php?rest_route=%2Fwp%2Fv2%2Fcategories&post=298"},{"taxonomy":"post_tag","embeddable":true,"href":"https:\/\/gallerabernal.es\/index.php?rest_route=%2Fwp%2Fv2%2Ftags&post=298"}],"curies":[{"name":"wp","href":"https:\/\/api.w.org\/{rel}","templated":true}]}}