{"id":3720,"date":"2016-02-12T18:20:27","date_gmt":"2016-02-12T18:20:27","guid":{"rendered":"http:\/\/gallerabernal.es\/?p=3720"},"modified":"2017-09-07T00:01:24","modified_gmt":"2017-09-07T00:01:24","slug":"el-muelle-visto-desde-los-hitos","status":"publish","type":"post","link":"https:\/\/gallerabernal.es\/?p=3720","title":{"rendered":"El Muelle rote\u00f1o visto desde los Hitos"},"content":{"rendered":"<p style=\"text-align: justify;\"><span style=\"color: #333333;\"><strong>Para entender El Muelle es importante reconocer que los edificios hist\u00f3ricos emblem\u00e1ticos son hitos dentro del paisaje urbano y por este motivo los edificos o estructuras fijas, constantes e inalterables como\u00a0el <em>Puerto Pesquero<\/em>, el <em>Castillo de Luna<\/em>, la\u00a0<em>Parroquia de la O,\u00a0<\/em>el <em>Faro,&#8230;<\/em>proporcionar\u00e1n una lectura de la Villa de Rota y de su idiosincrasia.<\/strong><\/span><\/p>\n<p style=\"text-align: justify;\">Los hitos desde el muelle rote\u00f1o | <a class=\"_58cn\" href=\"https:\/\/www.facebook.com\/hashtag\/elmuelle\" data-ft=\"{&quot;tn&quot;:&quot;*N&quot;,&quot;type&quot;:104}\">#ElMuelle<\/a><\/p>\n<p style=\"text-align: justify;\"><img loading=\"lazy\" decoding=\"async\" class=\"alignnone size-large wp-image-3722\" src=\"http:\/\/gallerabernal.es\/wp-content\/uploads\/2016\/02\/IMG_0528-1024x683.jpg\" alt=\"EL MUELLE GALLERA BERNAL\" width=\"950\" height=\"634\" srcset=\"https:\/\/gallerabernal.es\/wp-content\/uploads\/2016\/02\/IMG_0528-1024x683.jpg 1024w, https:\/\/gallerabernal.es\/wp-content\/uploads\/2016\/02\/IMG_0528-300x200.jpg 300w, https:\/\/gallerabernal.es\/wp-content\/uploads\/2016\/02\/IMG_0528-768x512.jpg 768w, https:\/\/gallerabernal.es\/wp-content\/uploads\/2016\/02\/IMG_0528-950x633.jpg 950w\" sizes=\"auto, (max-width: 950px) 100vw, 950px\" \/><\/p>\n<p style=\"text-align: justify;\">El muelle rote\u00f1o visto desde la Iglesia de la O | <a class=\"_58cn\" href=\"https:\/\/www.facebook.com\/hashtag\/elmuelle\" data-ft=\"{&quot;tn&quot;:&quot;*N&quot;,&quot;type&quot;:104}\">#ElMuelle<\/a><\/p>\n<p style=\"text-align: justify;\"><img loading=\"lazy\" decoding=\"async\" class=\"alignnone size-large wp-image-3726\" src=\"http:\/\/gallerabernal.es\/wp-content\/uploads\/2016\/02\/IMG_9143-1024x685.jpg\" alt=\"IMG_9143\" width=\"950\" height=\"635\" srcset=\"https:\/\/gallerabernal.es\/wp-content\/uploads\/2016\/02\/IMG_9143-1024x685.jpg 1024w, https:\/\/gallerabernal.es\/wp-content\/uploads\/2016\/02\/IMG_9143-300x201.jpg 300w, https:\/\/gallerabernal.es\/wp-content\/uploads\/2016\/02\/IMG_9143-768x514.jpg 768w, https:\/\/gallerabernal.es\/wp-content\/uploads\/2016\/02\/IMG_9143-950x635.jpg 950w\" sizes=\"auto, (max-width: 950px) 100vw, 950px\" \/> <img loading=\"lazy\" decoding=\"async\" class=\"alignnone size-large wp-image-3727\" src=\"http:\/\/gallerabernal.es\/wp-content\/uploads\/2016\/02\/IMG_9123-1024x683.jpg\" alt=\"IMG_9123\" width=\"950\" height=\"634\" srcset=\"https:\/\/gallerabernal.es\/wp-content\/uploads\/2016\/02\/IMG_9123-1024x683.jpg 1024w, https:\/\/gallerabernal.es\/wp-content\/uploads\/2016\/02\/IMG_9123-300x200.jpg 300w, https:\/\/gallerabernal.es\/wp-content\/uploads\/2016\/02\/IMG_9123-768x512.jpg 768w, https:\/\/gallerabernal.es\/wp-content\/uploads\/2016\/02\/IMG_9123-950x633.jpg 950w\" sizes=\"auto, (max-width: 950px) 100vw, 950px\" \/><\/p>\n<p style=\"text-align: justify;\"><img loading=\"lazy\" decoding=\"async\" class=\"alignnone size-large wp-image-3731\" src=\"http:\/\/gallerabernal.es\/wp-content\/uploads\/2016\/02\/IMG_0098-1024x683.jpg\" alt=\"IMG_0098\" width=\"950\" height=\"634\" srcset=\"https:\/\/gallerabernal.es\/wp-content\/uploads\/2016\/02\/IMG_0098-1024x683.jpg 1024w, https:\/\/gallerabernal.es\/wp-content\/uploads\/2016\/02\/IMG_0098-300x200.jpg 300w, https:\/\/gallerabernal.es\/wp-content\/uploads\/2016\/02\/IMG_0098-768x513.jpg 768w, https:\/\/gallerabernal.es\/wp-content\/uploads\/2016\/02\/IMG_0098-950x634.jpg 950w\" sizes=\"auto, (max-width: 950px) 100vw, 950px\" \/><\/p>\n<p style=\"text-align: justify;\">El muelle rote\u00f1o visto desde el Castillo de Luna\u00a0| <a class=\"_58cn\" href=\"https:\/\/www.facebook.com\/hashtag\/elmuelle\" data-ft=\"{&quot;tn&quot;:&quot;*N&quot;,&quot;type&quot;:104}\">#ElMuelle<\/a><\/p>\n<p style=\"text-align: justify;\"><img loading=\"lazy\" decoding=\"async\" class=\"alignnone size-large wp-image-3730\" src=\"http:\/\/gallerabernal.es\/wp-content\/uploads\/2016\/02\/IMG_0086-1024x684.jpg\" alt=\"IMG_0086\" width=\"950\" height=\"635\" srcset=\"https:\/\/gallerabernal.es\/wp-content\/uploads\/2016\/02\/IMG_0086-1024x684.jpg 1024w, https:\/\/gallerabernal.es\/wp-content\/uploads\/2016\/02\/IMG_0086-300x200.jpg 300w, https:\/\/gallerabernal.es\/wp-content\/uploads\/2016\/02\/IMG_0086-768x513.jpg 768w, https:\/\/gallerabernal.es\/wp-content\/uploads\/2016\/02\/IMG_0086-950x634.jpg 950w\" sizes=\"auto, (max-width: 950px) 100vw, 950px\" \/> <img loading=\"lazy\" decoding=\"async\" class=\"alignnone size-large wp-image-3729\" src=\"http:\/\/gallerabernal.es\/wp-content\/uploads\/2016\/02\/IMG_0088-1024x683.jpg\" alt=\"IMG_0088\" width=\"950\" height=\"634\" srcset=\"https:\/\/gallerabernal.es\/wp-content\/uploads\/2016\/02\/IMG_0088-1024x683.jpg 1024w, https:\/\/gallerabernal.es\/wp-content\/uploads\/2016\/02\/IMG_0088-300x200.jpg 300w, https:\/\/gallerabernal.es\/wp-content\/uploads\/2016\/02\/IMG_0088-768x512.jpg 768w, https:\/\/gallerabernal.es\/wp-content\/uploads\/2016\/02\/IMG_0088-950x633.jpg 950w\" sizes=\"auto, (max-width: 950px) 100vw, 950px\" \/><img loading=\"lazy\" decoding=\"async\" class=\"alignnone size-large wp-image-3728\" src=\"http:\/\/gallerabernal.es\/wp-content\/uploads\/2016\/02\/IMG_0099-1024x678.jpg\" alt=\"IMG_0099\" width=\"950\" height=\"629\" srcset=\"https:\/\/gallerabernal.es\/wp-content\/uploads\/2016\/02\/IMG_0099-1024x678.jpg 1024w, https:\/\/gallerabernal.es\/wp-content\/uploads\/2016\/02\/IMG_0099-300x199.jpg 300w, https:\/\/gallerabernal.es\/wp-content\/uploads\/2016\/02\/IMG_0099-768x508.jpg 768w, https:\/\/gallerabernal.es\/wp-content\/uploads\/2016\/02\/IMG_0099-950x629.jpg 950w, https:\/\/gallerabernal.es\/wp-content\/uploads\/2016\/02\/IMG_0099.jpg 1760w\" sizes=\"auto, (max-width: 950px) 100vw, 950px\" \/><\/p>\n<p style=\"text-align: justify;\">El muelle rote\u00f1o visto desde el Faro\u00a0| <a class=\"_58cn\" href=\"https:\/\/www.facebook.com\/hashtag\/elmuelle\" data-ft=\"{&quot;tn&quot;:&quot;*N&quot;,&quot;type&quot;:104}\">#ElMuelle<\/a><\/p>\n<p style=\"text-align: justify;\"><img loading=\"lazy\" decoding=\"async\" class=\"alignnone size-large wp-image-3735\" src=\"http:\/\/gallerabernal.es\/wp-content\/uploads\/2016\/02\/IMG_9810-1024x683.jpg\" alt=\"IMG_9810\" width=\"950\" height=\"634\" srcset=\"https:\/\/gallerabernal.es\/wp-content\/uploads\/2016\/02\/IMG_9810-1024x683.jpg 1024w, https:\/\/gallerabernal.es\/wp-content\/uploads\/2016\/02\/IMG_9810-300x200.jpg 300w, https:\/\/gallerabernal.es\/wp-content\/uploads\/2016\/02\/IMG_9810-768x512.jpg 768w, https:\/\/gallerabernal.es\/wp-content\/uploads\/2016\/02\/IMG_9810-950x633.jpg 950w\" sizes=\"auto, (max-width: 950px) 100vw, 950px\" \/><img loading=\"lazy\" decoding=\"async\" class=\"alignnone size-large wp-image-3737\" src=\"http:\/\/gallerabernal.es\/wp-content\/uploads\/2016\/02\/IMG_9744-1024x683.jpg\" alt=\"IMG_9744\" width=\"950\" height=\"634\" srcset=\"https:\/\/gallerabernal.es\/wp-content\/uploads\/2016\/02\/IMG_9744-1024x683.jpg 1024w, https:\/\/gallerabernal.es\/wp-content\/uploads\/2016\/02\/IMG_9744-300x200.jpg 300w, https:\/\/gallerabernal.es\/wp-content\/uploads\/2016\/02\/IMG_9744-768x512.jpg 768w, https:\/\/gallerabernal.es\/wp-content\/uploads\/2016\/02\/IMG_9744-950x633.jpg 950w\" sizes=\"auto, (max-width: 950px) 100vw, 950px\" \/><img loading=\"lazy\" decoding=\"async\" class=\"alignnone size-large wp-image-3741\" src=\"http:\/\/gallerabernal.es\/wp-content\/uploads\/2016\/02\/IMG_9789-copia-1024x683.jpg\" alt=\"IMG_9789 - copia\" width=\"950\" height=\"634\" srcset=\"https:\/\/gallerabernal.es\/wp-content\/uploads\/2016\/02\/IMG_9789-copia-1024x683.jpg 1024w, https:\/\/gallerabernal.es\/wp-content\/uploads\/2016\/02\/IMG_9789-copia-300x200.jpg 300w, https:\/\/gallerabernal.es\/wp-content\/uploads\/2016\/02\/IMG_9789-copia-768x512.jpg 768w, https:\/\/gallerabernal.es\/wp-content\/uploads\/2016\/02\/IMG_9789-copia-950x633.jpg 950w\" sizes=\"auto, (max-width: 950px) 100vw, 950px\" \/><\/p>\n<p style=\"text-align: justify;\">El muelle rote\u00f1o visto desde la festividad de la Virgen del Carmen\u00a0| <a class=\"_58cn\" href=\"https:\/\/www.facebook.com\/hashtag\/elmuelle\" data-ft=\"{&quot;tn&quot;:&quot;*N&quot;,&quot;type&quot;:104}\">#ElMuelle<\/a><\/p>\n<p style=\"text-align: justify;\"><img loading=\"lazy\" decoding=\"async\" class=\"alignnone size-large wp-image-3743\" src=\"http:\/\/gallerabernal.es\/wp-content\/uploads\/2016\/02\/IMG_8621-1024x683.jpg\" alt=\"IMG_8621\" width=\"950\" height=\"634\" srcset=\"https:\/\/gallerabernal.es\/wp-content\/uploads\/2016\/02\/IMG_8621-1024x683.jpg 1024w, https:\/\/gallerabernal.es\/wp-content\/uploads\/2016\/02\/IMG_8621-300x200.jpg 300w, https:\/\/gallerabernal.es\/wp-content\/uploads\/2016\/02\/IMG_8621-768x512.jpg 768w, https:\/\/gallerabernal.es\/wp-content\/uploads\/2016\/02\/IMG_8621-950x633.jpg 950w\" sizes=\"auto, (max-width: 950px) 100vw, 950px\" \/><img loading=\"lazy\" decoding=\"async\" class=\"alignnone size-large wp-image-3733\" src=\"http:\/\/gallerabernal.es\/wp-content\/uploads\/2016\/02\/IMG_8721-1024x684.jpg\" alt=\"IMG_8721\" width=\"950\" height=\"635\" srcset=\"https:\/\/gallerabernal.es\/wp-content\/uploads\/2016\/02\/IMG_8721-1024x684.jpg 1024w, https:\/\/gallerabernal.es\/wp-content\/uploads\/2016\/02\/IMG_8721-300x200.jpg 300w, https:\/\/gallerabernal.es\/wp-content\/uploads\/2016\/02\/IMG_8721-768x513.jpg 768w, https:\/\/gallerabernal.es\/wp-content\/uploads\/2016\/02\/IMG_8721-950x634.jpg 950w\" sizes=\"auto, (max-width: 950px) 100vw, 950px\" \/><img loading=\"lazy\" decoding=\"async\" class=\"alignnone size-large wp-image-3742\" src=\"http:\/\/gallerabernal.es\/wp-content\/uploads\/2016\/02\/IMG_8765-1024x683.jpg\" alt=\"IMG_8765\" width=\"950\" height=\"634\" srcset=\"https:\/\/gallerabernal.es\/wp-content\/uploads\/2016\/02\/IMG_8765-1024x683.jpg 1024w, https:\/\/gallerabernal.es\/wp-content\/uploads\/2016\/02\/IMG_8765-300x200.jpg 300w, https:\/\/gallerabernal.es\/wp-content\/uploads\/2016\/02\/IMG_8765-768x512.jpg 768w, https:\/\/gallerabernal.es\/wp-content\/uploads\/2016\/02\/IMG_8765-950x633.jpg 950w\" sizes=\"auto, (max-width: 950px) 100vw, 950px\" \/><\/p>\n<p style=\"text-align: justify;\">Continuar\u00e1&#8230;<\/p>\n<p style=\"text-align: justify;\"><img loading=\"lazy\" decoding=\"async\" class=\"alignnone size-large wp-image-3739\" src=\"http:\/\/gallerabernal.es\/wp-content\/uploads\/2016\/02\/IMG_9146-1024x683.jpg\" alt=\"IMG_9146\" width=\"950\" height=\"634\" srcset=\"https:\/\/gallerabernal.es\/wp-content\/uploads\/2016\/02\/IMG_9146-1024x683.jpg 1024w, https:\/\/gallerabernal.es\/wp-content\/uploads\/2016\/02\/IMG_9146-300x200.jpg 300w, https:\/\/gallerabernal.es\/wp-content\/uploads\/2016\/02\/IMG_9146-768x512.jpg 768w, https:\/\/gallerabernal.es\/wp-content\/uploads\/2016\/02\/IMG_9146-950x633.jpg 950w\" sizes=\"auto, (max-width: 950px) 100vw, 950px\" \/><\/p>\n<pre style=\"text-align: justify;\">Texto y Fotograf\u00edas extraidas del Proyecto de Intervenci\u00f3n Fotogr\u00e1fico EL Muelle Gallera Bernal (Esperanza Bernal Gallero)\r\n\r\n<\/pre>\n","protected":false},"excerpt":{"rendered":"<p>Para entender El Muelle es importante reconocer que los edificios hist\u00f3ricos emblem\u00e1ticos son hitos dentro del paisaje urbano y por este motivo los edificos o estructuras fijas, constantes e inalterables como\u00a0el Puerto Pesquero, el Castillo de Luna, la\u00a0Parroquia de la O,\u00a0el Faro,&#8230;proporcionar\u00e1n una lectura de la Villa de Rota y de su idiosincrasia. Los hitos [&hellip;]<\/p>\n","protected":false},"author":1,"featured_media":3725,"comment_status":"open","ping_status":"open","sticky":true,"template":"","format":"standard","meta":{"footnotes":""},"categories":[43,61,1],"tags":[48],"class_list":["post-3720","post","type-post","status-publish","format-standard","has-post-thumbnail","hentry","category-el-muelle","category-rota","category-sin-categoria","tag-elmuelle"],"_links":{"self":[{"href":"https:\/\/gallerabernal.es\/index.php?rest_route=\/wp\/v2\/posts\/3720","targetHints":{"allow":["GET"]}}],"collection":[{"href":"https:\/\/gallerabernal.es\/index.php?rest_route=\/wp\/v2\/posts"}],"about":[{"href":"https:\/\/gallerabernal.es\/index.php?rest_route=\/wp\/v2\/types\/post"}],"author":[{"embeddable":true,"href":"https:\/\/gallerabernal.es\/index.php?rest_route=\/wp\/v2\/users\/1"}],"replies":[{"embeddable":true,"href":"https:\/\/gallerabernal.es\/index.php?rest_route=%2Fwp%2Fv2%2Fcomments&post=3720"}],"version-history":[{"count":9,"href":"https:\/\/gallerabernal.es\/index.php?rest_route=\/wp\/v2\/posts\/3720\/revisions"}],"predecessor-version":[{"id":3840,"href":"https:\/\/gallerabernal.es\/index.php?rest_route=\/wp\/v2\/posts\/3720\/revisions\/3840"}],"wp:featuredmedia":[{"embeddable":true,"href":"https:\/\/gallerabernal.es\/index.php?rest_route=\/wp\/v2\/media\/3725"}],"wp:attachment":[{"href":"https:\/\/gallerabernal.es\/index.php?rest_route=%2Fwp%2Fv2%2Fmedia&parent=3720"}],"wp:term":[{"taxonomy":"category","embeddable":true,"href":"https:\/\/gallerabernal.es\/index.php?rest_route=%2Fwp%2Fv2%2Fcategories&post=3720"},{"taxonomy":"post_tag","embeddable":true,"href":"https:\/\/gallerabernal.es\/index.php?rest_route=%2Fwp%2Fv2%2Ftags&post=3720"}],"curies":[{"name":"wp","href":"https:\/\/api.w.org\/{rel}","templated":true}]}}