{"id":4184,"date":"2016-08-06T15:38:26","date_gmt":"2016-08-06T15:38:26","guid":{"rendered":"http:\/\/gallerabernal.es\/?p=4184"},"modified":"2017-08-08T19:43:11","modified_gmt":"2017-08-08T19:43:11","slug":"impresiones-literarias-el-muelle-en-las-letras","status":"publish","type":"post","link":"https:\/\/gallerabernal.es\/?p=4184","title":{"rendered":"EL MUELLE | IMPRESIONES LITERARIAS"},"content":{"rendered":"<p style=\"text-align: justify;\"><strong>El Muelle en las letras \u2013 Micr\u00f3fono abierto por la Revista Literaria Voladas y performance de Stereovac<br \/>\n<\/strong><\/p>\n<p style=\"text-align: justify;\"><strong><img loading=\"lazy\" decoding=\"async\" class=\"alignnone wp-image-3887 size-large\" src=\"http:\/\/gallerabernal.es\/wp-content\/uploads\/2016\/07\/2-EL-MUELLE-IMPRESIONES-LITERARIAS-1024x413.jpg\" alt=\"2-EL MUELLE - IMPRESIONES LITERARIAS\" width=\"950\" height=\"383\" srcset=\"https:\/\/gallerabernal.es\/wp-content\/uploads\/2016\/07\/2-EL-MUELLE-IMPRESIONES-LITERARIAS-1024x413.jpg 1024w, https:\/\/gallerabernal.es\/wp-content\/uploads\/2016\/07\/2-EL-MUELLE-IMPRESIONES-LITERARIAS-300x121.jpg 300w, https:\/\/gallerabernal.es\/wp-content\/uploads\/2016\/07\/2-EL-MUELLE-IMPRESIONES-LITERARIAS-768x310.jpg 768w, https:\/\/gallerabernal.es\/wp-content\/uploads\/2016\/07\/2-EL-MUELLE-IMPRESIONES-LITERARIAS-950x383.jpg 950w\" sizes=\"auto, (max-width: 950px) 100vw, 950px\" \/><\/strong><\/p>\n<p style=\"text-align: justify;\"><strong>Impresiones Literarias es una\u00a0herramienta a la hora de abordar el proyecto de El Muelle desde un punto de vista m\u00e1s literario: ya sea a trav\u00e9s de la historia o desde un punto de vista m\u00e1s po\u00e9tico a ra\u00edz de la narrativa, poes\u00eda, etc.<\/strong><\/p>\n<p style=\"text-align: justify;\">Impresiones Literarias se\u00a0abord\u00f3 desde dos puntos de vista diferentes;\u00a0<strong>una retroalimentaci\u00f3n entre escritura y fotograf\u00eda,<\/strong>\u00a0y una segunda\u00a0en una lectura m\u00e1s personal en la\u00a0<strong>figura de<\/strong>\u00a0<strong>investigador-creador<\/strong>\u00a0para crear una narraci\u00f3n, es decir, para contar una historia personal sin l\u00edmites. La escritura como fuente del disfrute personal y como herramienta expresiva del discurso narrativo.<\/p>\n<p style=\"text-align: justify;\">Se favorece, por tanto, un aprendizaje orientado a la acci\u00f3n en el que los componentes de la\u00a0<strong>Revista Literaria Voladas<\/strong>\u00a0ponen en juego un conjunto amplio de conocimientos y actitudes personales a la hora de realizar su texto en el\u00a0<strong>\u201cproceso art\u00edstico colaborativo\u201d<\/strong> adem\u00e1s, de una invitaci\u00f3n a profundizar y a escudri\u00f1ar cualquier detalle de las series que componen EL MUELLE con una libertad total para el imaginario:\u00a0<strong>LA FOTOGRAF\u00cdA COMO HERRAMIENTA EXPRESIVA EN EL PROCESO NARRATIVO.<\/strong><\/p>\n<p style=\"text-align: justify;\">El producto final es el resultado de un trabajo colectivo en el que todos los participantes intervienen en el concepto de autor \u00fanico y la figura del creador individual a ra\u00edz de una tarea investigadora.<\/p>\n<p style=\"text-align: justify;\"><img loading=\"lazy\" decoding=\"async\" class=\"alignnone wp-image-4111 size-large\" src=\"http:\/\/gallerabernal.es\/wp-content\/uploads\/2016\/08\/IMG_4857-1024x683.jpg\" alt=\"IMG_4857\" width=\"950\" height=\"634\" srcset=\"https:\/\/gallerabernal.es\/wp-content\/uploads\/2016\/08\/IMG_4857-1024x683.jpg 1024w, https:\/\/gallerabernal.es\/wp-content\/uploads\/2016\/08\/IMG_4857-300x200.jpg 300w, https:\/\/gallerabernal.es\/wp-content\/uploads\/2016\/08\/IMG_4857-768x512.jpg 768w, https:\/\/gallerabernal.es\/wp-content\/uploads\/2016\/08\/IMG_4857-950x634.jpg 950w\" sizes=\"auto, (max-width: 950px) 100vw, 950px\" \/><\/p>\n<p style=\"text-align: justify;\"><span style=\"color: #ff0000;\"><strong>MAR DE LOS QUE SON Y FUERON por Concha Castellanos:<\/strong> <\/span><em>\u201cBajamos al muelle despu\u00e9s de desayunar. Detr\u00e1s de nosotros el Atl\u00e1ntico se mec\u00eda suave bajo los primeros rayos de sol. En la d\u00e1rsena los barquitos bostezaban so\u00f1olientos mientras la memoria del viejo pescador se remov\u00eda igual que pez en el agua. [\u2026]\u201d\u00a0<\/em><\/p>\n<p style=\"text-align: justify;\"><strong><span style=\"color: #ff0000;\">WALK ON THE WIKD SIDE por Javier Gallego:<\/span>\u00a0<\/strong><em>\u201cLas luces de las pocas farolas del espig\u00f3n del muelle comenaron t\u00edmidamente a titilar. El atardecer todav\u00eda no estaba cumplido y hab\u00eda demasiada claridad en el ambiente para que se notara el amarillento resplandor de unas bombillas empa\u00f1adas de salitre y humedad. [\u2026]\u201d\u00a0<\/em><\/p>\n<p style=\"text-align: justify;\"><span style=\"color: #ff0000;\"><strong>EL MUELLE por Juan Jos\u00e9 Gonz\u00e1lez:<\/strong>\u00a0<\/span><em>\u201cAl alba la luna invisible reclama al poniente para que haga bostezar a la tempestad. A lo lejos el horizonte infinito se va cubriendo de rayos, estrell\u00e1ndose en el v\u00f3rtice de la tormenta. Anuncian la llegada un ser de otra estirpe, una bestia. [\u2026]\u201d\u00a0<\/em><\/p>\n<p style=\"text-align: justify;\"><span style=\"color: #ff0000;\"><strong>ALMA ERRANTE\u00a0por Maria del Mar Reyes Fuentes:\u00a0<\/strong><\/span><em>\u201cYa no siento los adoquines bajo mis pies m\u00e7as bien me deslizo sobre ellos. Observo a lo \u00falimos reagados de la misa de ocho. \u00a1C\u00f3mo ha cambiado todo en estos siglos!. [\u2026]\u201d\u00a0<\/em><\/p>\n<p style=\"text-align: justify;\"><span style=\"color: #ff0000;\"><strong>HISTORIAS DE VIDA Y MUELLE: I \u2013\u00a0<\/strong><strong>LA PROYECCI\u00d3N\u00a0por Mercedes M\u00e1rquez Bernal:\u00a0<\/strong><\/span><em>\u201cHubo un tiempo donde el muelle era el paseo mar\u00edtimo del pueblo, su espigon delimitaba el puerto pesquero frente al mar abierto. Uno pod\u00eda cambiar entre redes, sec\u00e1ndose al sol con el resto de escamas y algas a\u00fan pegadas a sus hilos, entre pescadores que trajinaban con los distintos aparejos de trabajo y mujeres remendando en aquel entramado, los desperfectos ocacionados por la tripulaci\u00f3n cuando sali\u00f3 a faenar [\u2026]\u201d\u00a0<\/em><\/p>\n<p style=\"text-align: justify;\">Para el micr\u00f3fono abierto que tuvo lugar el mi\u00e9rcoles 20 de julio en la Torre de la Merced, se cont\u00f3 con el ac\u00fastico de <span class=\"_5u8u\" spellcheck=\"false\" data-offset-key=\"d7au-1-0\"><span data-offset-key=\"d7au-1-0\"><span data-text=\"true\">David Fern\u00e1ndez Gallego<\/span><\/span><\/span> (Stereovac) con los performance siguientes:<\/p>\n<p style=\"text-align: justify;\"><span style=\"color: #ff0000;\"><strong>ABANDONARME AL MAR <\/strong><span id=\"fbPhotoSnowliftCaption\" class=\"fbPhotosPhotoCaption\" tabindex=\"0\" data-ft=\"{&quot;tn&quot;:&quot;K&quot;}\"><span class=\"hasCaption\">sobre el texto de<\/span><\/span><span id=\"fbPhotoSnowliftCaption\" class=\"fbPhotosPhotoCaption\" tabindex=\"0\" data-ft=\"{&quot;tn&quot;:&quot;K&quot;}\"><span class=\"hasCaption\"> sobre el texto de Blanca Fern\u00e1ndez S\u00e1nchez<\/span><\/span> <\/span><\/p>\n<p style=\"text-align: justify;\">\u00abQuiero abandonarme hoy<br \/>\nal consuelo del mar,<br \/>\na la suavidad de la brisa,<br \/>\nal murmullo continuo<br \/>\nde su presencia,<br \/>\na las historias milenarias<br \/>\nde sus amores y afectos. [\u2026]\u201d<\/p>\n<p style=\"text-align: justify;\"><span style=\"color: #ff0000;\"><strong><span id=\"fbPhotoSnowliftCaption\" class=\"fbPhotosPhotoCaption\" tabindex=\"0\" data-ft=\"{&quot;tn&quot;:&quot;K&quot;}\"><span class=\"hasCaption\">BRUMAS DE SAL<\/span><\/span><\/strong><span id=\"fbPhotoSnowliftCaption\" class=\"fbPhotosPhotoCaption\" tabindex=\"0\" data-ft=\"{&quot;tn&quot;:&quot;K&quot;}\"> <\/span><span id=\"fbPhotoSnowliftCaption\" class=\"fbPhotosPhotoCaption\" tabindex=\"0\" data-ft=\"{&quot;tn&quot;:&quot;K&quot;}\"><span class=\"hasCaption\">sobre el texto de<\/span><\/span><span id=\"fbPhotoSnowliftCaption\" class=\"fbPhotosPhotoCaption\" tabindex=\"0\" data-ft=\"{&quot;tn&quot;:&quot;K&quot;}\"><span class=\"hasCaption\"> sobre el texto de Javier Gallego Due\u00f1as \u201cWalk on the Wild Side\u201d<\/span><\/span><\/span><\/p>\n<p>\u00abLa vieja farola comienza a brillar,<\/p>\n<p>El atardecer resta su claridad.<\/p>\n<p>Las redes y boyas descansan del mar,<\/p>\n<p>Las gaviotas dejan de volar. [\u2026]\u201d<\/p>\n<p>El sabor amargo del mar<\/p>\n<p><span style=\"color: #ff0000;\"><strong>EL SABOR AMARGO DEL MAR <\/strong><span id=\"fbPhotoSnowliftCaption\" class=\"fbPhotosPhotoCaption\" tabindex=\"0\" data-ft=\"{&quot;tn&quot;:&quot;K&quot;}\"><span class=\"hasCaption\">sobre el texto de<\/span><\/span><span id=\"fbPhotoSnowliftCaption\" class=\"fbPhotosPhotoCaption\" tabindex=\"0\" data-ft=\"{&quot;tn&quot;:&quot;K&quot;}\"><span class=\"hasCaption\"> sobre el texto de <\/span><\/span>Mercedes M\u00e1rquez Bernal \u00bb La proyecci\u00f3n\u00bb<\/span><strong><br \/>\n<\/strong><\/p>\n<p>\u00abSuenan \u00a0campanas en la noche fr\u00eda.<\/p>\n<p>La triste sinfon\u00eda anuncia ruina.<\/p>\n<p>La fuerte ventisca<\/p>\n<p>revuelve las olas<\/p>\n<p>en una espuma negra<\/p>\n<p>De roja corona<\/p>\n<p>Y a nadie le gusta el sabor<\/p>\n<p>Amargo del mar. [\u2026]\u201d<\/p>\n<p><iframe loading=\"lazy\" width=\"950\" height=\"534\" src=\"https:\/\/www.youtube.com\/embed\/YLmmsIbnnN4?feature=oembed\" frameborder=\"0\" allowfullscreen><\/iframe><\/p>\n","protected":false},"excerpt":{"rendered":"<p>El Muelle en las letras \u2013 Micr\u00f3fono abierto por la Revista Literaria Voladas y performance de Stereovac Impresiones Literarias es una\u00a0herramienta a la hora de abordar el proyecto de El Muelle desde un punto de vista m\u00e1s literario: ya sea a trav\u00e9s de la historia o desde un punto de vista m\u00e1s po\u00e9tico a ra\u00edz [&hellip;]<\/p>\n","protected":false},"author":1,"featured_media":4112,"comment_status":"open","ping_status":"open","sticky":true,"template":"","format":"standard","meta":{"footnotes":""},"categories":[43,61,1],"tags":[48],"class_list":["post-4184","post","type-post","status-publish","format-standard","has-post-thumbnail","hentry","category-el-muelle","category-rota","category-sin-categoria","tag-elmuelle"],"_links":{"self":[{"href":"https:\/\/gallerabernal.es\/index.php?rest_route=\/wp\/v2\/posts\/4184","targetHints":{"allow":["GET"]}}],"collection":[{"href":"https:\/\/gallerabernal.es\/index.php?rest_route=\/wp\/v2\/posts"}],"about":[{"href":"https:\/\/gallerabernal.es\/index.php?rest_route=\/wp\/v2\/types\/post"}],"author":[{"embeddable":true,"href":"https:\/\/gallerabernal.es\/index.php?rest_route=\/wp\/v2\/users\/1"}],"replies":[{"embeddable":true,"href":"https:\/\/gallerabernal.es\/index.php?rest_route=%2Fwp%2Fv2%2Fcomments&post=4184"}],"version-history":[{"count":5,"href":"https:\/\/gallerabernal.es\/index.php?rest_route=\/wp\/v2\/posts\/4184\/revisions"}],"predecessor-version":[{"id":4189,"href":"https:\/\/gallerabernal.es\/index.php?rest_route=\/wp\/v2\/posts\/4184\/revisions\/4189"}],"wp:featuredmedia":[{"embeddable":true,"href":"https:\/\/gallerabernal.es\/index.php?rest_route=\/wp\/v2\/media\/4112"}],"wp:attachment":[{"href":"https:\/\/gallerabernal.es\/index.php?rest_route=%2Fwp%2Fv2%2Fmedia&parent=4184"}],"wp:term":[{"taxonomy":"category","embeddable":true,"href":"https:\/\/gallerabernal.es\/index.php?rest_route=%2Fwp%2Fv2%2Fcategories&post=4184"},{"taxonomy":"post_tag","embeddable":true,"href":"https:\/\/gallerabernal.es\/index.php?rest_route=%2Fwp%2Fv2%2Ftags&post=4184"}],"curies":[{"name":"wp","href":"https:\/\/api.w.org\/{rel}","templated":true}]}}