{"id":4729,"date":"2016-08-30T18:19:16","date_gmt":"2016-08-30T18:19:16","guid":{"rendered":"http:\/\/gallerabernal.es\/?p=4729"},"modified":"2017-07-21T09:18:46","modified_gmt":"2017-07-21T09:18:46","slug":"el-muelle-objetos-de-coleccion","status":"publish","type":"post","link":"https:\/\/gallerabernal.es\/?p=4729","title":{"rendered":"El Muelle | Objetos de colecci\u00f3n"},"content":{"rendered":"<p style=\"text-align: justify;\"><strong>Charla de Juan M. Laynez el s\u00e1bado 23 de julio en la Torre de la Merced, dentro de las Jornadas El Muelle, bajo el t\u00edtulo <em>\u00abEl Muelle: Objetos de colecci\u00f3n\u00bb<\/em>.<br \/>\n<\/strong><\/p>\n<p style=\"text-align: justify;\"><img loading=\"lazy\" decoding=\"async\" class=\"alignnone wp-image-4749 size-large\" src=\"http:\/\/gallerabernal.es\/wp-content\/uploads\/2016\/08\/LAYNEZ-1024x414.jpg\" alt=\"LAYNEZ\" width=\"950\" height=\"384\" srcset=\"https:\/\/gallerabernal.es\/wp-content\/uploads\/2016\/08\/LAYNEZ-1024x414.jpg 1024w, https:\/\/gallerabernal.es\/wp-content\/uploads\/2016\/08\/LAYNEZ-300x121.jpg 300w, https:\/\/gallerabernal.es\/wp-content\/uploads\/2016\/08\/LAYNEZ-768x311.jpg 768w, https:\/\/gallerabernal.es\/wp-content\/uploads\/2016\/08\/LAYNEZ-950x384.jpg 950w\" sizes=\"auto, (max-width: 950px) 100vw, 950px\" \/><\/p>\n<p style=\"text-align: justify;\"><img loading=\"lazy\" decoding=\"async\" class=\"alignnone wp-image-4782 size-large\" src=\"http:\/\/gallerabernal.es\/wp-content\/uploads\/2016\/08\/IMG_4960-1024x683.jpg\" alt=\"IMG_4960\" width=\"950\" height=\"634\" srcset=\"https:\/\/gallerabernal.es\/wp-content\/uploads\/2016\/08\/IMG_4960-1024x683.jpg 1024w, https:\/\/gallerabernal.es\/wp-content\/uploads\/2016\/08\/IMG_4960-300x200.jpg 300w, https:\/\/gallerabernal.es\/wp-content\/uploads\/2016\/08\/IMG_4960-768x512.jpg 768w, https:\/\/gallerabernal.es\/wp-content\/uploads\/2016\/08\/IMG_4960-950x633.jpg 950w\" sizes=\"auto, (max-width: 950px) 100vw, 950px\" \/><\/p>\n<p style=\"text-align: justify;\"><strong>JUAN MANUEL LAYNEZ<\/strong><\/p>\n<p style=\"text-align: justify;\">Nacido en octubre de 1961, desde muy peque\u00f1o vinculado al coleccionismo, tanto a modo particular como de federaci\u00f3n, llegando en 1995 hasta 2011 a ser coordinador de la Secci\u00f3n de coleccionismo de la Fundaci\u00f3n Alcalde Zoilo Ruiz-Mateos de Rota, periodo en el que se estuvo organizando multitud de exposiciones, editando la revista Expofil-Rota de forma anual, adem\u00e1s de dise\u00f1ar matasellos y sellos personalizados.<\/p>\n<p style=\"text-align: justify;\">Monitor Nacional de Filatelia Juvenil, ha formado parte del equipo organizador de FESOFI (Federaci\u00f3n Espa\u00f1ola de Sociedades Filat\u00e9licas) en las exposiciones mundiales de filatelia de Salamanca 2004, Valencia 2006 y M\u00e1laga 2008. Tambi\u00e9n ha sido Vocal de FEFIAN (Federaci\u00f3n Filat\u00e9lica de Andaluc\u00eda) y Secretario de ASEMA (Asociaci\u00f3n Espa\u00f1ola de Maximofilia), entre otros cargos.<\/p>\n<p style=\"text-align: justify;\">Ha escrito en multitud de publicaciones relacionadas al mundo de la filatelia, numism\u00e1tica y coleccionismo en general, adem\u00e1s de ser coautor del libro \u201cAs\u00ed hablamos en Rota\u201d.<\/p>\n<p style=\"text-align: justify;\">Amante de los temas rote\u00f1os (historia, fotos antiguas, etc.) muestra en esta presentaci\u00f3n los diferentes y diversos tipos que hay de coleccionismo, sobre todo enfocado a la tem\u00e1tica del Muelle de Rota.<\/p>\n<p style=\"text-align: justify;\">Tambi\u00e9n se ha adentrado en otras facetas art\u00edsticas como la pintura y escultura.<\/p>\n<hr \/>\n<p style=\"text-align: justify;\"><strong>Dentro de la lectura de imagen incluida en la Sala de Patrimonio y Memoria de la <em>Exposici\u00f3n El Muelle en la Torre de la Merced<\/em> estaban expuestas dos etiquetas de <em>Tintilla de Rota, <\/em>como elementos claves en la composici\u00f3n, cedidas por Juan M. Laynez y Bodegas Ferris.<br \/>\n<\/strong><\/p>\n<p style=\"text-align: justify;\"><img loading=\"lazy\" decoding=\"async\" class=\"alignnone wp-image-4732 size-large\" src=\"http:\/\/gallerabernal.es\/wp-content\/uploads\/2016\/08\/14152043_1734056190182705_825262800_o-1024x576.jpg\" alt=\"14152043_1734056190182705_825262800_o\" width=\"950\" height=\"534\" srcset=\"https:\/\/gallerabernal.es\/wp-content\/uploads\/2016\/08\/14152043_1734056190182705_825262800_o.jpg 1024w, https:\/\/gallerabernal.es\/wp-content\/uploads\/2016\/08\/14152043_1734056190182705_825262800_o-300x169.jpg 300w, https:\/\/gallerabernal.es\/wp-content\/uploads\/2016\/08\/14152043_1734056190182705_825262800_o-768x432.jpg 768w, https:\/\/gallerabernal.es\/wp-content\/uploads\/2016\/08\/14152043_1734056190182705_825262800_o-950x534.jpg 950w\" sizes=\"auto, (max-width: 950px) 100vw, 950px\" \/><\/p>\n<hr \/>\n<p style=\"text-align: justify;\">Los bodegueros vend\u00edan el Tintilla de Rota hasta la segunda mitad del siglo XX en cascos de madera de diferentes medidas. A partir de entonces comenzaron a utilizar sus propias marcas en el embotellado de peque\u00f1a parte de la producci\u00f3n de Tintilla, que se destinaba al mercado espa\u00f1ol y, en menor medida, al mercado internacional.<\/p>\n<p style=\"text-align: justify;\">De las numerosas marcas de Tintilla de Rota comercializadas por empresas de Rota, Jerez, El Puerto, S\u00e1nlucar y otras localidades de la Bah\u00eda de C\u00e1diz, en las primeras d\u00e9cadas del siglo XX, he seleccionado para la lectura de imagen las que tienen motivos relacionados con la tem\u00e1tica. <span style=\"color: #ff0000;\">[1]<\/span><\/p>\n<ul>\n<li style=\"text-align: justify;\"><strong>Elaborado y embotellado por Juan Mart\u00ednez Mart\u00edn-Ni\u00f1o ~ Tintilla de Rota: <\/strong>Aparece en la etiqueta el plano del casco antiguo de Rota. Se puede apreciar el muelle rote\u00f1o.<\/li>\n<li style=\"text-align: justify;\"><strong>Viuda de Santiago Merino ~ Rota ~ Tintilla: <\/strong>Vista de Rota desde el Chorillo. Se aprecia el Faro Nuevo con su franja roja caracter\u00edstica.<\/li>\n<\/ul>\n<p style=\"text-align: justify;\">Actualmente son dos las bodegas que elaboran Tintilla de Rota: <strong><em>Juan Mart\u00ednez Mart\u00edn-Ni\u00f1o (El Gato) y J. Ferris M.<\/em><\/strong><\/p>\n<ul>\n<li><strong>Bodegas Ferris ~ Tintilla de Rota ~ Cosecha de 2002: <\/strong>Aparece el Faro Viejo en la Puerta del Mar y la casa del farero.<\/li>\n<li><strong>Bodegas El Gato ~ Tintilla Gran Reserva:<\/strong> Vista parcial de Rota donde se puede apreciar El Castillo de Luna, La Iglesia de la O y la Torre de la Merced.<\/li>\n<\/ul>\n<p style=\"text-align: center;\"><img loading=\"lazy\" decoding=\"async\" class=\"alignnone wp-image-4765\" src=\"http:\/\/gallerabernal.es\/wp-content\/uploads\/2016\/08\/3-1-289x300.jpg\" alt=\"3\" width=\"253\" height=\"263\" srcset=\"https:\/\/gallerabernal.es\/wp-content\/uploads\/2016\/08\/3-1-289x300.jpg 289w, https:\/\/gallerabernal.es\/wp-content\/uploads\/2016\/08\/3-1.jpg 427w\" sizes=\"auto, (max-width: 253px) 100vw, 253px\" \/> <img loading=\"lazy\" decoding=\"async\" class=\"alignnone wp-image-4764\" src=\"http:\/\/gallerabernal.es\/wp-content\/uploads\/2016\/08\/5-1-300x236.jpg\" alt=\"5\" width=\"334\" height=\"263\" srcset=\"https:\/\/gallerabernal.es\/wp-content\/uploads\/2016\/08\/5-1-300x236.jpg 300w, https:\/\/gallerabernal.es\/wp-content\/uploads\/2016\/08\/5-1.jpg 583w\" sizes=\"auto, (max-width: 334px) 100vw, 334px\" \/> <img loading=\"lazy\" decoding=\"async\" class=\"alignnone wp-image-4744\" src=\"http:\/\/gallerabernal.es\/wp-content\/uploads\/2016\/08\/escanear0009-copia-300x205.jpg\" alt=\"escanear0009 - copia\" width=\"385\" height=\"263\" srcset=\"https:\/\/gallerabernal.es\/wp-content\/uploads\/2016\/08\/escanear0009-copia-300x205.jpg 300w, https:\/\/gallerabernal.es\/wp-content\/uploads\/2016\/08\/escanear0009-copia-768x525.jpg 768w, https:\/\/gallerabernal.es\/wp-content\/uploads\/2016\/08\/escanear0009-copia-950x649.jpg 950w, https:\/\/gallerabernal.es\/wp-content\/uploads\/2016\/08\/escanear0009-copia.jpg 972w\" sizes=\"auto, (max-width: 385px) 100vw, 385px\" \/>\u00a0<img loading=\"lazy\" decoding=\"async\" class=\"alignnone size-medium wp-image-4786\" src=\"http:\/\/gallerabernal.es\/wp-content\/uploads\/2016\/08\/escanear0007-1-300x263.jpg\" alt=\"escanear0007\" width=\"300\" height=\"263\" srcset=\"https:\/\/gallerabernal.es\/wp-content\/uploads\/2016\/08\/escanear0007-1-300x263.jpg 300w, https:\/\/gallerabernal.es\/wp-content\/uploads\/2016\/08\/escanear0007-1-768x672.jpg 768w, https:\/\/gallerabernal.es\/wp-content\/uploads\/2016\/08\/escanear0007-1-1024x896.jpg 1024w, https:\/\/gallerabernal.es\/wp-content\/uploads\/2016\/08\/escanear0007-1-950x831.jpg 950w, https:\/\/gallerabernal.es\/wp-content\/uploads\/2016\/08\/escanear0007-1.jpg 1138w\" sizes=\"auto, (max-width: 300px) 100vw, 300px\" \/> <img loading=\"lazy\" decoding=\"async\" class=\"alignnone wp-image-4787\" src=\"http:\/\/gallerabernal.es\/wp-content\/uploads\/2016\/08\/escanear0002-300x172.jpg\" alt=\"escanear0002\" width=\"458\" height=\"263\" srcset=\"https:\/\/gallerabernal.es\/wp-content\/uploads\/2016\/08\/escanear0002-300x172.jpg 300w, https:\/\/gallerabernal.es\/wp-content\/uploads\/2016\/08\/escanear0002-768x441.jpg 768w, https:\/\/gallerabernal.es\/wp-content\/uploads\/2016\/08\/escanear0002-1024x588.jpg 1024w, https:\/\/gallerabernal.es\/wp-content\/uploads\/2016\/08\/escanear0002-950x546.jpg 950w, https:\/\/gallerabernal.es\/wp-content\/uploads\/2016\/08\/escanear0002.jpg 1516w\" sizes=\"auto, (max-width: 458px) 100vw, 458px\" \/><\/p>\n<p style=\"text-align: center;\"><img loading=\"lazy\" decoding=\"async\" class=\"alignnone wp-image-4741\" src=\"http:\/\/gallerabernal.es\/wp-content\/uploads\/2016\/08\/escanear0001-300x264.jpg\" alt=\"escanear0001\" width=\"298\" height=\"263\" srcset=\"https:\/\/gallerabernal.es\/wp-content\/uploads\/2016\/08\/escanear0001-300x264.jpg 300w, https:\/\/gallerabernal.es\/wp-content\/uploads\/2016\/08\/escanear0001-768x677.jpg 768w, https:\/\/gallerabernal.es\/wp-content\/uploads\/2016\/08\/escanear0001-1024x903.jpg 1024w, https:\/\/gallerabernal.es\/wp-content\/uploads\/2016\/08\/escanear0001-950x837.jpg 950w, https:\/\/gallerabernal.es\/wp-content\/uploads\/2016\/08\/escanear0001.jpg 1062w\" sizes=\"auto, (max-width: 298px) 100vw, 298px\" \/> <img loading=\"lazy\" decoding=\"async\" class=\"alignnone wp-image-4748\" src=\"http:\/\/gallerabernal.es\/wp-content\/uploads\/2016\/08\/escanear0010-169x300.jpg\" alt=\"escanear0010\" width=\"148\" height=\"263\" srcset=\"https:\/\/gallerabernal.es\/wp-content\/uploads\/2016\/08\/escanear0010-169x300.jpg 169w, https:\/\/gallerabernal.es\/wp-content\/uploads\/2016\/08\/escanear0010.jpg 376w\" sizes=\"auto, (max-width: 148px) 100vw, 148px\" \/><\/p>\n<ul>\n<li style=\"text-align: right;\"><strong>El Tintilla es la \u00abesencia comprimida de Rota\u00bb <\/strong><\/li>\n<li style=\"text-align: right;\"><strong><em>Bartolom\u00e9 Llompart<\/em><\/strong><\/li>\n<\/ul>\n<p><iframe loading=\"lazy\" width=\"950\" height=\"534\" src=\"https:\/\/www.youtube.com\/embed\/i2Af_GxJj0A?feature=oembed\" frameborder=\"0\" allowfullscreen><\/iframe><\/p>\n<hr \/>\n<ol>\n<li>El c\u00e9lebre Tintilla de Rota (Siglos XVIII-XX) &#8211; Javier Maldonado Rosso &#8211; Fundaci\u00f3n Alcalde Zoilo Ruiz-Mateos<\/li>\n<\/ol>\n","protected":false},"excerpt":{"rendered":"<p>Charla de Juan M. Laynez el s\u00e1bado 23 de julio en la Torre de la Merced, dentro de las Jornadas El Muelle, bajo el t\u00edtulo \u00abEl Muelle: Objetos de colecci\u00f3n\u00bb. JUAN MANUEL LAYNEZ Nacido en octubre de 1961, desde muy peque\u00f1o vinculado al coleccionismo, tanto a modo particular como de federaci\u00f3n, llegando en 1995 hasta [&hellip;]<\/p>\n","protected":false},"author":1,"featured_media":4773,"comment_status":"open","ping_status":"open","sticky":true,"template":"","format":"standard","meta":{"footnotes":""},"categories":[43,61,1],"tags":[],"class_list":["post-4729","post","type-post","status-publish","format-standard","has-post-thumbnail","hentry","category-el-muelle","category-rota","category-sin-categoria"],"_links":{"self":[{"href":"https:\/\/gallerabernal.es\/index.php?rest_route=\/wp\/v2\/posts\/4729","targetHints":{"allow":["GET"]}}],"collection":[{"href":"https:\/\/gallerabernal.es\/index.php?rest_route=\/wp\/v2\/posts"}],"about":[{"href":"https:\/\/gallerabernal.es\/index.php?rest_route=\/wp\/v2\/types\/post"}],"author":[{"embeddable":true,"href":"https:\/\/gallerabernal.es\/index.php?rest_route=\/wp\/v2\/users\/1"}],"replies":[{"embeddable":true,"href":"https:\/\/gallerabernal.es\/index.php?rest_route=%2Fwp%2Fv2%2Fcomments&post=4729"}],"version-history":[{"count":38,"href":"https:\/\/gallerabernal.es\/index.php?rest_route=\/wp\/v2\/posts\/4729\/revisions"}],"predecessor-version":[{"id":5189,"href":"https:\/\/gallerabernal.es\/index.php?rest_route=\/wp\/v2\/posts\/4729\/revisions\/5189"}],"wp:featuredmedia":[{"embeddable":true,"href":"https:\/\/gallerabernal.es\/index.php?rest_route=\/wp\/v2\/media\/4773"}],"wp:attachment":[{"href":"https:\/\/gallerabernal.es\/index.php?rest_route=%2Fwp%2Fv2%2Fmedia&parent=4729"}],"wp:term":[{"taxonomy":"category","embeddable":true,"href":"https:\/\/gallerabernal.es\/index.php?rest_route=%2Fwp%2Fv2%2Fcategories&post=4729"},{"taxonomy":"post_tag","embeddable":true,"href":"https:\/\/gallerabernal.es\/index.php?rest_route=%2Fwp%2Fv2%2Ftags&post=4729"}],"curies":[{"name":"wp","href":"https:\/\/api.w.org\/{rel}","templated":true}]}}