{"id":5284,"date":"2017-10-29T13:42:11","date_gmt":"2017-10-29T13:42:11","guid":{"rendered":"http:\/\/gallerabernal.es\/?p=5284"},"modified":"2017-10-30T17:32:32","modified_gmt":"2017-10-30T17:32:32","slug":"el-muelle-en-la-lonja-vieja-de-barbate","status":"publish","type":"post","link":"https:\/\/gallerabernal.es\/?p=5284","title":{"rendered":"El Muelle de Barbate por Marisa Gallero"},"content":{"rendered":"<p style=\"text-align: justify;\">Barbate es un gran Pequod, obsesionado sin l\u00edmite por el at\u00fan rojo, desterrando a la ballena blanca creada por Herman Melville. Como la sombra de Moby Dick que persigue el capit\u00e1n Ahab, <em>\u00abEl Muelle de Barbate\u00bb<\/em> refleja distintos escenarios del <em>\u00ablugar donde se lucha\u00bb<\/em> proyectando otra cara del litoral de la Janda.<\/p>\n<p style=\"text-align: justify;\">Gallera Bernal se aleja de la imagen habitual y nos revela a unos personajes anclados en un territorio escondido, ocultos en su propia realidad ancestral. Carpinteros de ribera, fareros, rederos, patrones, almadraberos, encargados del varadero, buzos, guardas y todo un ecosistema mar\u00edtimo retratado en su entorno.<\/p>\n<p style=\"text-align: justify;\">Una retrospectiva que se convierte en testimonio vivo de un espacio \u00fanico, dividido en tres series: <em>Mar de Leva<\/em>, <em>Haz de Luz<\/em> y <em>Varadero Cabo Plata<\/em>.<\/p>\n<p style=\"text-align: justify;\">El cementerio de las tra\u00ed\u00f1as en frente de la Lonja Vieja abre <em>Mar de Leva<\/em> guiada Gallera Bernal por el patr\u00f3n mayor Alfonso Reyes. La tra\u00ed\u00f1a es una embarcaci\u00f3n dedicada al pescado azul en la modalidad de cerco con jareta, que constituye el grueso de la flota pesquera barbate\u00f1a.<\/p>\n<p style=\"text-align: justify;\">Contemplamos la poltrona de almadraba de paso que se cala en el mes de abril, comenzando su leva a mediados de junio. Eso al derecho, cuando los peces emigran hacia el Mediterr\u00e1neo. Y al rev\u00e9s, a mediados de octubre, cuando vuelven al Oc\u00e9ano tras el desove.<\/p>\n<p style=\"text-align: justify;\">A pesar de que la almadraba de Barbate es de las m\u00e1s tard\u00edas, data de finales del siglo XIX, se convirti\u00f3 en la m\u00e1s importante, al coronarse el at\u00fan como rey gastron\u00f3mico del Imperio del Sol Naciente.<\/p>\n<p style=\"text-align: justify;\">Fuerza y car\u00e1cter, como las im\u00e1genes que muestran una vida paralela en el puerto, con una templanza alejada de la <em>levant\u00e1<\/em>, donde el gran Minotauro se deja enredar en el laberinto creado por el hombre, para finalizar en manos de otra industria, donde se procede al ronqueo del at\u00fan, como es el caso de la antigua f\u00e1brica de conserva de pescado \u00abEl Rey de Oros\u00bb.<\/p>\n<p style=\"text-align: justify;\">Las anclas, redes y boyas almacenadas cuando se quitan los enseres del arte de la almadraba \u2014conocido como fase de leva\u2014 ense\u00f1an una dimensi\u00f3n tit\u00e1nica de lo que los ojos no ven, pero se imaginan. Los cielos cargados de intensidad proyectan movimiento en unos barcos relajados tras la faena.<\/p>\n<p style=\"text-align: justify;\">El laberinto de redes de la almadraba se enlaza desde las alturas con el <em>Haz de Luz <\/em>de los faros inmunes al azote del viento. Un trabajo en equipo liderado por el \u00faltimo farero del cabo de Trafalgar, Luis Garc\u00eda Cernuda, junto a Esteban Naranjo, dentro de la competencia de la Autoridad Portuaria de la Bah\u00eda de C\u00e1diz. Y en Algeciras, Francisco Miranda, nos alumbra desde el faro Camarinal.<\/p>\n<p style=\"text-align: justify;\">Juegos de luces y sombras proyectadas por un sol brav\u00edo con el sonido de fondo del oleaje, que se transmite sin o\u00edr como si ese faro fuera el interior de una gran concha. La dureza de las manos, los filos de los prismas, los reflejos que proyectan las lentes de un espacio concebido para iluminar la oscuridad, guiar entre las tinieblas.<\/p>\n<p style=\"text-align: justify;\">Subiendo los 165 escalones, paso a paso, del faro de Trafalgar, se divisa con perspectiva las dunas m\u00f3viles, los confines del mar protagonista de la \u00faltima gran batalla naval, las ruinas de la torre almenara construida por el duque de Medina Sidonia, cuyas piedras se integran dentro de su estructura.<\/p>\n<p style=\"text-align: justify;\">El cabo de Trafalgar seguir\u00e1 siendo ese gran espacio virgen, con sus dunas m\u00f3viles y playas salvajes lindando con los pinares del Parque Natural de la Bre\u00f1a, si nadie altera la normativa de Protecci\u00f3n y Prevenci\u00f3n del Patrimonio Hist\u00f3rico de Car\u00e1cter Arqueol\u00f3gico en Barbate, que le otorg\u00f3 el m\u00e1ximo nivel de protecci\u00f3n para que se conserve \u00edntegramente para la posteridad.<\/p>\n<p style=\"text-align: justify;\">Gallera Bernal documenta como si estuviera en el interior del animal oce\u00e1nico la construcci\u00f3n de un falucho de propulsi\u00f3n por los carpinteros de ribera a trav\u00e9s de las directrices de Ram\u00f3n, encargado del <em>Varadero Cabo de Plata<\/em>.<\/p>\n<p style=\"text-align: justify;\">Un oficio en peligro de extinci\u00f3n dedicado a la creaci\u00f3n de embarcaciones en madera con el m\u00e9todo tradicional de quilla, cuadernas y forro, que constituy\u00f3 una de las actividades pesqueras que mayor relevancia tuvo en Barbate.<\/p>\n<p style=\"text-align: justify;\">Tierra de fenicios. Tierra de sal. Tierra de tareas artesanales. La sangre que corre en mayor cantidad por este pez se convierte en las arterias que modelan el temperamento de una poblaci\u00f3n, que va m\u00e1s all\u00e1 del at\u00fan rojo, tatuando sus costumbres y usos.<\/p>\n<p style=\"text-align: justify;\">Miradas de anta\u00f1o que se reflejan como el mar y nos transmiten la profundidad del tiempo de una poblaci\u00f3n inundada de salitre.<\/p>\n<p style=\"text-align: justify;\"><em>\u00abEl Muelle de Barbate\u00bb<\/em> es un proyecto fotogr\u00e1fico que establece un di\u00e1logo entre el pasado y el presente, para que permanezca en el futuro, formando parte de nuestra memoria colectiva. Con el archivo hist\u00f3rico del barbate\u00f1o Fernando Rivera, fuente inagotable para ahondar en el ayer.<\/p>\n<p style=\"text-align: justify;\">Im\u00e1genes antiguas junto a v\u00eddeos de los faros de Barbate, Roche, Trafalgar y Camarinal completan la muestra enmarcada dentro de Patrimonio Litoral Gaditano por Diputaci\u00f3n de C\u00e1diz de la comisaria Gallera Bernal.<\/p>\n<p style=\"text-align: justify;\">Esta licenciada en Bellas Artes, que nunca ha sido esclava de ning\u00fan soporte, concibe sus proyectos para que permanezcan, enlazando como si fueran nudos marineros a las personas con su entorno.<\/p>\n<p style=\"text-align: justify;\"><em>\u00abEl Muelle\u00bb<\/em> es hoy de Barbate. Ayer de Bonanza en Sanl\u00facar de Barrameda y de Rota, villa natal de la artista. Ma\u00f1ana navegar\u00e1 a otra costa de nuestro litoral.<\/p>\n<p style=\"text-align: justify;\">\n<p style=\"text-align: justify;\">\u00abLlamadme B\u00e1rbate\u00bb, escribir\u00eda Melville.<\/p>\n<p>&nbsp;<\/p>\n<p style=\"text-align: right;\">Marisa Gallero<\/p>\n<p><img loading=\"lazy\" decoding=\"async\" class=\"wp-image-5291 size-large alignnone\" src=\"http:\/\/gallerabernal.es\/wp-content\/uploads\/2017\/10\/DSC_0015-1024x681.jpg\" alt=\"\" width=\"950\" height=\"632\" srcset=\"https:\/\/gallerabernal.es\/wp-content\/uploads\/2017\/10\/DSC_0015-1024x681.jpg 1024w, https:\/\/gallerabernal.es\/wp-content\/uploads\/2017\/10\/DSC_0015-300x199.jpg 300w, https:\/\/gallerabernal.es\/wp-content\/uploads\/2017\/10\/DSC_0015-768x511.jpg 768w, https:\/\/gallerabernal.es\/wp-content\/uploads\/2017\/10\/DSC_0015-950x632.jpg 950w, https:\/\/gallerabernal.es\/wp-content\/uploads\/2017\/10\/DSC_0015.jpg 1504w\" sizes=\"auto, (max-width: 950px) 100vw, 950px\" \/><\/p>\n","protected":false},"excerpt":{"rendered":"<p>Barbate es un gran Pequod, obsesionado sin l\u00edmite por el at\u00fan rojo, desterrando a la ballena blanca creada por Herman Melville. Como la sombra de Moby Dick que persigue el capit\u00e1n Ahab, \u00abEl Muelle de Barbate\u00bb refleja distintos escenarios del \u00ablugar donde se lucha\u00bb proyectando otra cara del litoral de la Janda. Gallera Bernal se [&hellip;]<\/p>\n","protected":false},"author":1,"featured_media":5288,"comment_status":"open","ping_status":"open","sticky":true,"template":"","format":"standard","meta":{"footnotes":""},"categories":[62,1],"tags":[],"class_list":["post-5284","post","type-post","status-publish","format-standard","has-post-thumbnail","hentry","category-barbate","category-sin-categoria"],"_links":{"self":[{"href":"https:\/\/gallerabernal.es\/index.php?rest_route=\/wp\/v2\/posts\/5284","targetHints":{"allow":["GET"]}}],"collection":[{"href":"https:\/\/gallerabernal.es\/index.php?rest_route=\/wp\/v2\/posts"}],"about":[{"href":"https:\/\/gallerabernal.es\/index.php?rest_route=\/wp\/v2\/types\/post"}],"author":[{"embeddable":true,"href":"https:\/\/gallerabernal.es\/index.php?rest_route=\/wp\/v2\/users\/1"}],"replies":[{"embeddable":true,"href":"https:\/\/gallerabernal.es\/index.php?rest_route=%2Fwp%2Fv2%2Fcomments&post=5284"}],"version-history":[{"count":6,"href":"https:\/\/gallerabernal.es\/index.php?rest_route=\/wp\/v2\/posts\/5284\/revisions"}],"predecessor-version":[{"id":5377,"href":"https:\/\/gallerabernal.es\/index.php?rest_route=\/wp\/v2\/posts\/5284\/revisions\/5377"}],"wp:featuredmedia":[{"embeddable":true,"href":"https:\/\/gallerabernal.es\/index.php?rest_route=\/wp\/v2\/media\/5288"}],"wp:attachment":[{"href":"https:\/\/gallerabernal.es\/index.php?rest_route=%2Fwp%2Fv2%2Fmedia&parent=5284"}],"wp:term":[{"taxonomy":"category","embeddable":true,"href":"https:\/\/gallerabernal.es\/index.php?rest_route=%2Fwp%2Fv2%2Fcategories&post=5284"},{"taxonomy":"post_tag","embeddable":true,"href":"https:\/\/gallerabernal.es\/index.php?rest_route=%2Fwp%2Fv2%2Ftags&post=5284"}],"curies":[{"name":"wp","href":"https:\/\/api.w.org\/{rel}","templated":true}]}}